{"id":3127,"date":"2021-10-27T23:44:46","date_gmt":"2021-10-27T21:44:46","guid":{"rendered":"http:\/\/192.168.1.104:8888\/?p=3127"},"modified":"2021-10-28T13:51:18","modified_gmt":"2021-10-28T11:51:18","slug":"sztuka-neosakralna-krzysztofa-sokolovskiego-2","status":"publish","type":"post","link":"https:\/\/galeriabohema.pl\/en\/sztuka-neosakralna-krzysztofa-sokolovskiego-2\/","title":{"rendered":"Neo-sacral art by Krzysztof Sokolovski at the Benedictine Abbey in Tyniec, Poland"},"content":{"rendered":"<p class=\"qtranxs-available-languages-message qtranxs-available-languages-message-en\">Sorry, this entry is only available in <a href=\"https:\/\/galeriabohema.pl\/pl\/wp-json\/wp\/v2\/posts\/3127\" class=\"qtranxs-available-language-link qtranxs-available-language-link-pl\" title=\"Polski\">Polish<\/a>. <\/p><p>Krzysztof Sokolovski zosta\u0142 zdobywc\u0105 1 miejsca w konkursie <em><a href=\"http:\/\/kultura.benedyktyni.com\/wyniki-konkursu-niewidzialny-sztuka-inspirowana-religijne\/\" target=\"_blank\" rel=\"noopener noreferrer\">(Nie)widzialny \u2013 sztuka inspirowana religijnie<\/a><\/em>. Laureat konkursu zosta\u0142 zaprezentowany na <a href=\"http:\/\/kultura.benedyktyni.com\/sztuka-neosakralna-wystawa-krzysztofa-sokolvskiego\/\" target=\"_blank\" rel=\"noopener noreferrer\">monograficznej wystawie w galerii Muzeum Opactwa w Ty\u0144cu<\/a>. Wystawa potrwa do 10 pa\u017adziernika 2021.<\/p>","protected":false},"excerpt":{"rendered":"<p>Sorry, this entry is only available in Polish. Krzysztof Sokolovski zosta\u0142 zdobywc\u0105 1 miejsca w konkursie (Nie)widzialny \u2013 sztuka inspirowana religijnie. Laureat konkursu zosta\u0142 zaprezentowany na monograficznej wystawie w galerii Muzeum Opactwa w Ty\u0144cu. Wystawa potrwa do 10 pa\u017adziernika 2021.<\/p>\n","protected":false},"author":1,"featured_media":3138,"comment_status":"closed","ping_status":"closed","sticky":false,"template":"","format":"standard","meta":{"_relevanssi_hide_post":"","_relevanssi_pin_for_all":"","_relevanssi_pin_keywords":"","_relevanssi_unpin_keywords":"","_relevanssi_related_keywords":"","_relevanssi_related_include_ids":"","_relevanssi_related_exclude_ids":"","_relevanssi_related_no_append":"","_relevanssi_related_not_related":"","_relevanssi_related_posts":"","_relevanssi_noindex_reason":""},"_links":{"self":[{"href":"https:\/\/galeriabohema.pl\/en\/wp-json\/wp\/v2\/posts\/3127"}],"collection":[{"href":"https:\/\/galeriabohema.pl\/en\/wp-json\/wp\/v2\/posts"}],"about":[{"href":"https:\/\/galeriabohema.pl\/en\/wp-json\/wp\/v2\/types\/post"}],"author":[{"embeddable":true,"href":"https:\/\/galeriabohema.pl\/en\/wp-json\/wp\/v2\/users\/1"}],"replies":[{"embeddable":true,"href":"https:\/\/galeriabohema.pl\/en\/wp-json\/wp\/v2\/comments?post=3127"}],"version-history":[{"count":0,"href":"https:\/\/galeriabohema.pl\/en\/wp-json\/wp\/v2\/posts\/3127\/revisions"}],"wp:featuredmedia":[{"embeddable":true,"href":"https:\/\/galeriabohema.pl\/en\/wp-json\/wp\/v2\/media\/3138"}],"wp:attachment":[{"href":"https:\/\/galeriabohema.pl\/en\/wp-json\/wp\/v2\/media?parent=3127"}],"curies":[{"name":"wp","href":"https:\/\/api.w.org\/{rel}","templated":true}]}}